

{"id":2431,"date":"2025-07-03T18:34:11","date_gmt":"2025-07-03T16:34:11","guid":{"rendered":"https:\/\/acneinversaschweiz.ch\/?p=2431"},"modified":"2026-02-06T13:01:07","modified_gmt":"2026-02-06T12:01:07","slug":"action-sous-vetements-fonctionnels-hidrawear","status":"publish","type":"post","link":"https:\/\/acneinversaschweiz.ch\/fr\/action-sous-vetements-fonctionnels-hidrawear\/","title":{"rendered":"Sous-v\u00eatements fonctionnels Hidrawear"},"content":{"rendered":"<p>HidraWear est le nouvau syst\u00e8me de soin des plaies sans adh\u00e9sif de Mediq Suisse pour les plaies difficiles \u00e0 soigner.<\/p>\n<p><strong>ACTION : Jusqu&rsquo;au 31 d\u00e9cembre 2025, tous les patients b\u00e9n\u00e9ficient d&rsquo;un rabais de lancement de 30 %.<\/strong><\/p>\n<p>Toutes les informations sur HidraWear sont disponibles ici : <a href=\"https:\/\/mediqsuisse.ch\/fr\/homecare\/acne-inversa\/hidrawear\">https:\/\/mediqsuisse.ch\/fr\/homecare\/acne-inversa\/hidrawear<\/a><\/p>\n","protected":false},"excerpt":{"rendered":"<p>HidraWear est le nouvau syst\u00e8me de soin des plaies sans adh\u00e9sif de Mediq Suisse pour les plaies difficiles \u00e0 soigner. ACTION : Jusqu&rsquo;au 31 d\u00e9cembre 2025, tous les patients b\u00e9n\u00e9ficient&#8230;<\/p>\n","protected":false},"author":5,"featured_media":2429,"comment_status":"closed","ping_status":"closed","sticky":false,"template":"","format":"standard","meta":{"footnotes":""},"categories":[16],"tags":[],"class_list":{"0":"post-2431","1":"post","2":"type-post","3":"status-publish","4":"format-standard","5":"has-post-thumbnail","7":"category-non-classifiee"},"_links":{"self":[{"href":"https:\/\/acneinversaschweiz.ch\/fr\/wp-json\/wp\/v2\/posts\/2431","targetHints":{"allow":["GET"]}}],"collection":[{"href":"https:\/\/acneinversaschweiz.ch\/fr\/wp-json\/wp\/v2\/posts"}],"about":[{"href":"https:\/\/acneinversaschweiz.ch\/fr\/wp-json\/wp\/v2\/types\/post"}],"author":[{"embeddable":true,"href":"https:\/\/acneinversaschweiz.ch\/fr\/wp-json\/wp\/v2\/users\/5"}],"replies":[{"embeddable":true,"href":"https:\/\/acneinversaschweiz.ch\/fr\/wp-json\/wp\/v2\/comments?post=2431"}],"version-history":[{"count":2,"href":"https:\/\/acneinversaschweiz.ch\/fr\/wp-json\/wp\/v2\/posts\/2431\/revisions"}],"predecessor-version":[{"id":2465,"href":"https:\/\/acneinversaschweiz.ch\/fr\/wp-json\/wp\/v2\/posts\/2431\/revisions\/2465"}],"wp:featuredmedia":[{"embeddable":true,"href":"https:\/\/acneinversaschweiz.ch\/fr\/wp-json\/wp\/v2\/media\/2429"}],"wp:attachment":[{"href":"https:\/\/acneinversaschweiz.ch\/fr\/wp-json\/wp\/v2\/media?parent=2431"}],"wp:term":[{"taxonomy":"category","embeddable":true,"href":"https:\/\/acneinversaschweiz.ch\/fr\/wp-json\/wp\/v2\/categories?post=2431"},{"taxonomy":"post_tag","embeddable":true,"href":"https:\/\/acneinversaschweiz.ch\/fr\/wp-json\/wp\/v2\/tags?post=2431"}],"curies":[{"name":"wp","href":"https:\/\/api.w.org\/{rel}","templated":true}]}}