

{"id":2231,"date":"2022-05-15T12:41:13","date_gmt":"2022-05-15T10:41:13","guid":{"rendered":"https:\/\/acneinversaschweiz.ch\/?p=2231"},"modified":"2023-04-11T20:08:39","modified_gmt":"2023-04-11T18:08:39","slug":"5e-assemblee-generale-de-lassociation-acne-inversa-schwaiz-2","status":"publish","type":"post","link":"https:\/\/acneinversaschweiz.ch\/fr\/5e-assemblee-generale-de-lassociation-acne-inversa-schwaiz-2\/","title":{"rendered":"6\u00e8me assembl\u00e9e g\u00e9n\u00e9rale de l&rsquo;association Acne Inversa SchwAIz"},"content":{"rendered":"<p>Le 22 avril 2021, notre association Acne Inversa schwAIz a pu tenir sa sixi\u00e8me assembl\u00e9e g\u00e9n\u00e9rale officielle en ligne. Vous pouvez lire le proc\u00e8s-verbal ci-dessous. \u00a0Salutations \u00e0 votre conseil<\/p>\n","protected":false},"excerpt":{"rendered":"<p>Le 22 avril 2021, notre association Acne Inversa schwAIz a pu tenir sa sixi\u00e8me assembl\u00e9e g\u00e9n\u00e9rale officielle en ligne. Vous pouvez lire le proc\u00e8s-verbal ci-dessous. \u00a0Salutations \u00e0 votre conseil<\/p>\n","protected":false},"author":5,"featured_media":2235,"comment_status":"closed","ping_status":"closed","sticky":false,"template":"","format":"standard","meta":{"footnotes":""},"categories":[16],"tags":[],"class_list":{"0":"post-2231","1":"post","2":"type-post","3":"status-publish","4":"format-standard","5":"has-post-thumbnail","7":"category-non-classifiee"},"_links":{"self":[{"href":"https:\/\/acneinversaschweiz.ch\/fr\/wp-json\/wp\/v2\/posts\/2231","targetHints":{"allow":["GET"]}}],"collection":[{"href":"https:\/\/acneinversaschweiz.ch\/fr\/wp-json\/wp\/v2\/posts"}],"about":[{"href":"https:\/\/acneinversaschweiz.ch\/fr\/wp-json\/wp\/v2\/types\/post"}],"author":[{"embeddable":true,"href":"https:\/\/acneinversaschweiz.ch\/fr\/wp-json\/wp\/v2\/users\/5"}],"replies":[{"embeddable":true,"href":"https:\/\/acneinversaschweiz.ch\/fr\/wp-json\/wp\/v2\/comments?post=2231"}],"version-history":[{"count":2,"href":"https:\/\/acneinversaschweiz.ch\/fr\/wp-json\/wp\/v2\/posts\/2231\/revisions"}],"predecessor-version":[{"id":2296,"href":"https:\/\/acneinversaschweiz.ch\/fr\/wp-json\/wp\/v2\/posts\/2231\/revisions\/2296"}],"wp:featuredmedia":[{"embeddable":true,"href":"https:\/\/acneinversaschweiz.ch\/fr\/wp-json\/wp\/v2\/media\/2235"}],"wp:attachment":[{"href":"https:\/\/acneinversaschweiz.ch\/fr\/wp-json\/wp\/v2\/media?parent=2231"}],"wp:term":[{"taxonomy":"category","embeddable":true,"href":"https:\/\/acneinversaschweiz.ch\/fr\/wp-json\/wp\/v2\/categories?post=2231"},{"taxonomy":"post_tag","embeddable":true,"href":"https:\/\/acneinversaschweiz.ch\/fr\/wp-json\/wp\/v2\/tags?post=2231"}],"curies":[{"name":"wp","href":"https:\/\/api.w.org\/{rel}","templated":true}]}}