

{"id":2160,"date":"2021-04-27T09:06:25","date_gmt":"2021-04-27T07:06:25","guid":{"rendered":"https:\/\/acneinversaschweiz.ch\/?p=2160"},"modified":"2023-04-11T20:08:19","modified_gmt":"2023-04-11T18:08:19","slug":"5e-assemblee-generale-de-lassociation-acne-inversa-schwaiz","status":"publish","type":"post","link":"https:\/\/acneinversaschweiz.ch\/fr\/5e-assemblee-generale-de-lassociation-acne-inversa-schwaiz\/","title":{"rendered":"5\u00e8me assembl\u00e9e g\u00e9n\u00e9rale de l&rsquo;association Acne Inversa SchwAIz"},"content":{"rendered":"<p>Le 9 avril 2021, notre association Acne Inversa schwAIz a pu tenir sa cinqui\u00e8me assembl\u00e9e g\u00e9n\u00e9rale officielle en ligne. Vous pouvez lire le proc\u00e8s-verbal ci-dessous. \u00a0Salutations \u00e0 votre conseil<\/p>\n","protected":false},"excerpt":{"rendered":"<p>Le 9 avril 2021, notre association Acne Inversa schwAIz a pu tenir sa cinqui\u00e8me assembl\u00e9e g\u00e9n\u00e9rale officielle en ligne. Vous pouvez lire le proc\u00e8s-verbal ci-dessous. \u00a0Salutations \u00e0 votre conseil<\/p>\n","protected":false},"author":5,"featured_media":2157,"comment_status":"closed","ping_status":"closed","sticky":false,"template":"","format":"standard","meta":{"footnotes":""},"categories":[16],"tags":[],"class_list":{"0":"post-2160","1":"post","2":"type-post","3":"status-publish","4":"format-standard","5":"has-post-thumbnail","7":"category-non-classifiee"},"_links":{"self":[{"href":"https:\/\/acneinversaschweiz.ch\/fr\/wp-json\/wp\/v2\/posts\/2160","targetHints":{"allow":["GET"]}}],"collection":[{"href":"https:\/\/acneinversaschweiz.ch\/fr\/wp-json\/wp\/v2\/posts"}],"about":[{"href":"https:\/\/acneinversaschweiz.ch\/fr\/wp-json\/wp\/v2\/types\/post"}],"author":[{"embeddable":true,"href":"https:\/\/acneinversaschweiz.ch\/fr\/wp-json\/wp\/v2\/users\/5"}],"replies":[{"embeddable":true,"href":"https:\/\/acneinversaschweiz.ch\/fr\/wp-json\/wp\/v2\/comments?post=2160"}],"version-history":[{"count":7,"href":"https:\/\/acneinversaschweiz.ch\/fr\/wp-json\/wp\/v2\/posts\/2160\/revisions"}],"predecessor-version":[{"id":2294,"href":"https:\/\/acneinversaschweiz.ch\/fr\/wp-json\/wp\/v2\/posts\/2160\/revisions\/2294"}],"wp:featuredmedia":[{"embeddable":true,"href":"https:\/\/acneinversaschweiz.ch\/fr\/wp-json\/wp\/v2\/media\/2157"}],"wp:attachment":[{"href":"https:\/\/acneinversaschweiz.ch\/fr\/wp-json\/wp\/v2\/media?parent=2160"}],"wp:term":[{"taxonomy":"category","embeddable":true,"href":"https:\/\/acneinversaschweiz.ch\/fr\/wp-json\/wp\/v2\/categories?post=2160"},{"taxonomy":"post_tag","embeddable":true,"href":"https:\/\/acneinversaschweiz.ch\/fr\/wp-json\/wp\/v2\/tags?post=2160"}],"curies":[{"name":"wp","href":"https:\/\/api.w.org\/{rel}","templated":true}]}}