

{"id":2051,"date":"2020-09-09T19:37:00","date_gmt":"2020-09-09T17:37:00","guid":{"rendered":"https:\/\/acneinversaschweiz.ch\/?p=2051"},"modified":"2020-09-09T19:37:00","modified_gmt":"2020-09-09T17:37:00","slug":"acne-inversa-info-event-a-lusz","status":"publish","type":"post","link":"https:\/\/acneinversaschweiz.ch\/fr\/acne-inversa-info-event-a-lusz\/","title":{"rendered":"Acne Inversa info event \u00e0 l&rsquo;USZ"},"content":{"rendered":"<p>Sujet : Acn\u00e9 inversa &#8211; la peste cach\u00e9e<\/p>\n<p>Les experts de la clinique dermatologique informent sur les causes et les traitements de l&rsquo;acn\u00e9 inversa (Hidradenitis suppurativa)<\/p>\n<p>Mardi 6 octobre 2020, 18h00 &#8211; 19h00 Livestream de l&rsquo;h\u00f4pital universitaire de Zurich<\/p>\n<p>Vous trouvez le livestream ici : <a href=\"http:\/\/acneinversa-usz.myhealthcare.ch\">acneinversa-usz.myhealthcare.ch<\/a><\/p>\n<p>&nbsp;<\/p>\n<p><a href=\"https:\/\/acneinversaschweiz.ch\/wp-content\/uploads\/2020\/09\/A5_Acne-Inversa-Infoflyer_07.2020.pdf\">Flyer Acne Inversa USZ<\/a><\/p>\n","protected":false},"excerpt":{"rendered":"<p>Sujet : Acn\u00e9 inversa &#8211; la peste cach\u00e9e Les experts de la clinique dermatologique informent sur les causes et les traitements de l&rsquo;acn\u00e9 inversa (Hidradenitis suppurativa) Mardi 6 octobre 2020,&#8230;<\/p>\n","protected":false},"author":5,"featured_media":2050,"comment_status":"closed","ping_status":"closed","sticky":false,"template":"","format":"standard","meta":{"footnotes":""},"categories":[16],"tags":[],"class_list":{"0":"post-2051","1":"post","2":"type-post","3":"status-publish","4":"format-standard","5":"has-post-thumbnail","7":"category-non-classifiee"},"_links":{"self":[{"href":"https:\/\/acneinversaschweiz.ch\/fr\/wp-json\/wp\/v2\/posts\/2051","targetHints":{"allow":["GET"]}}],"collection":[{"href":"https:\/\/acneinversaschweiz.ch\/fr\/wp-json\/wp\/v2\/posts"}],"about":[{"href":"https:\/\/acneinversaschweiz.ch\/fr\/wp-json\/wp\/v2\/types\/post"}],"author":[{"embeddable":true,"href":"https:\/\/acneinversaschweiz.ch\/fr\/wp-json\/wp\/v2\/users\/5"}],"replies":[{"embeddable":true,"href":"https:\/\/acneinversaschweiz.ch\/fr\/wp-json\/wp\/v2\/comments?post=2051"}],"version-history":[{"count":1,"href":"https:\/\/acneinversaschweiz.ch\/fr\/wp-json\/wp\/v2\/posts\/2051\/revisions"}],"predecessor-version":[{"id":2052,"href":"https:\/\/acneinversaschweiz.ch\/fr\/wp-json\/wp\/v2\/posts\/2051\/revisions\/2052"}],"wp:featuredmedia":[{"embeddable":true,"href":"https:\/\/acneinversaschweiz.ch\/fr\/wp-json\/wp\/v2\/media\/2050"}],"wp:attachment":[{"href":"https:\/\/acneinversaschweiz.ch\/fr\/wp-json\/wp\/v2\/media?parent=2051"}],"wp:term":[{"taxonomy":"category","embeddable":true,"href":"https:\/\/acneinversaschweiz.ch\/fr\/wp-json\/wp\/v2\/categories?post=2051"},{"taxonomy":"post_tag","embeddable":true,"href":"https:\/\/acneinversaschweiz.ch\/fr\/wp-json\/wp\/v2\/tags?post=2051"}],"curies":[{"name":"wp","href":"https:\/\/api.w.org\/{rel}","templated":true}]}}