

{"id":2043,"date":"2020-09-09T19:25:17","date_gmt":"2020-09-09T17:25:17","guid":{"rendered":"https:\/\/acneinversaschweiz.ch\/?p=2043"},"modified":"2020-09-09T19:25:17","modified_gmt":"2020-09-09T17:25:17","slug":"nouveau-flyer-dinformation-acne-inversa-schwaiz","status":"publish","type":"post","link":"https:\/\/acneinversaschweiz.ch\/fr\/nouveau-flyer-dinformation-acne-inversa-schwaiz\/","title":{"rendered":"Nouveau flyer d&rsquo;information Acne Inversa schwAIz"},"content":{"rendered":"<p>Le nouveau flyer sur l&rsquo;Acn\u00e9 Inversa est arriv\u00e9.<\/p>\n<p><a href=\"https:\/\/acneinversaschweiz.ch\/wp-content\/uploads\/2020\/09\/A5_Acne-Inversa-Flyer-neu.pdf\">Acne Inversa Flyer neu<\/a><\/p>\n<p>Des copies imprim\u00e9es du flyer peuvent \u00eatre command\u00e9es \u00e0 l&rsquo;adresse suivante : <a href=\"mailto:kontakt@acneinversaschweiz.ch\">kontakt@acneinversaschweiz.ch<\/a><\/p>\n","protected":false},"excerpt":{"rendered":"<p>Le nouveau flyer sur l&rsquo;Acn\u00e9 Inversa est arriv\u00e9. Acne Inversa Flyer neu Des copies imprim\u00e9es du flyer peuvent \u00eatre command\u00e9es \u00e0 l&rsquo;adresse suivante : kontakt@acneinversaschweiz.ch<\/p>\n","protected":false},"author":5,"featured_media":2041,"comment_status":"closed","ping_status":"closed","sticky":false,"template":"","format":"standard","meta":{"footnotes":""},"categories":[16],"tags":[],"class_list":{"0":"post-2043","1":"post","2":"type-post","3":"status-publish","4":"format-standard","5":"has-post-thumbnail","7":"category-non-classifiee"},"_links":{"self":[{"href":"https:\/\/acneinversaschweiz.ch\/fr\/wp-json\/wp\/v2\/posts\/2043","targetHints":{"allow":["GET"]}}],"collection":[{"href":"https:\/\/acneinversaschweiz.ch\/fr\/wp-json\/wp\/v2\/posts"}],"about":[{"href":"https:\/\/acneinversaschweiz.ch\/fr\/wp-json\/wp\/v2\/types\/post"}],"author":[{"embeddable":true,"href":"https:\/\/acneinversaschweiz.ch\/fr\/wp-json\/wp\/v2\/users\/5"}],"replies":[{"embeddable":true,"href":"https:\/\/acneinversaschweiz.ch\/fr\/wp-json\/wp\/v2\/comments?post=2043"}],"version-history":[{"count":1,"href":"https:\/\/acneinversaschweiz.ch\/fr\/wp-json\/wp\/v2\/posts\/2043\/revisions"}],"predecessor-version":[{"id":2044,"href":"https:\/\/acneinversaschweiz.ch\/fr\/wp-json\/wp\/v2\/posts\/2043\/revisions\/2044"}],"wp:featuredmedia":[{"embeddable":true,"href":"https:\/\/acneinversaschweiz.ch\/fr\/wp-json\/wp\/v2\/media\/2041"}],"wp:attachment":[{"href":"https:\/\/acneinversaschweiz.ch\/fr\/wp-json\/wp\/v2\/media?parent=2043"}],"wp:term":[{"taxonomy":"category","embeddable":true,"href":"https:\/\/acneinversaschweiz.ch\/fr\/wp-json\/wp\/v2\/categories?post=2043"},{"taxonomy":"post_tag","embeddable":true,"href":"https:\/\/acneinversaschweiz.ch\/fr\/wp-json\/wp\/v2\/tags?post=2043"}],"curies":[{"name":"wp","href":"https:\/\/api.w.org\/{rel}","templated":true}]}}