

{"id":2022,"date":"2020-03-26T18:46:38","date_gmt":"2020-03-26T17:46:38","guid":{"rendered":"https:\/\/acneinversaschweiz.ch\/?p=2022"},"modified":"2023-04-11T20:08:53","modified_gmt":"2023-04-11T18:08:53","slug":"4e-assemblee-generale-de-lassociation-acne-inversa-schwaiz","status":"publish","type":"post","link":"https:\/\/acneinversaschweiz.ch\/fr\/4e-assemblee-generale-de-lassociation-acne-inversa-schwaiz\/","title":{"rendered":"4e Assembl\u00e9e g\u00e9n\u00e9rale de l\u2019association Acne Inversa SchwAIz"},"content":{"rendered":"<p>Le 13 mars 2020, notre association Acne Inversa schwAIz a pu tenir sa quatri\u00e8me assembl\u00e9e g\u00e9n\u00e9rale officielle. Vous pouvez lire le protocole ci-dessous. Nous nous r\u00e9jouissons d\u00e9j\u00e0 des \u00e9v\u00e9nements \u00e0 venir en 2020. Salutations distingu\u00e9es de votre comit\u00e9<\/p>\n","protected":false},"excerpt":{"rendered":"<p>Le 13 mars 2020, notre association Acne Inversa schwAIz a pu tenir sa quatri\u00e8me assembl\u00e9e g\u00e9n\u00e9rale officielle. Vous pouvez lire le protocole ci-dessous. Nous nous r\u00e9jouissons d\u00e9j\u00e0 des \u00e9v\u00e9nements \u00e0&#8230;<\/p>\n","protected":false},"author":5,"featured_media":2025,"comment_status":"closed","ping_status":"closed","sticky":false,"template":"","format":"standard","meta":{"footnotes":""},"categories":[16],"tags":[],"class_list":{"0":"post-2022","1":"post","2":"type-post","3":"status-publish","4":"format-standard","5":"has-post-thumbnail","7":"category-non-classifiee"},"_links":{"self":[{"href":"https:\/\/acneinversaschweiz.ch\/fr\/wp-json\/wp\/v2\/posts\/2022","targetHints":{"allow":["GET"]}}],"collection":[{"href":"https:\/\/acneinversaschweiz.ch\/fr\/wp-json\/wp\/v2\/posts"}],"about":[{"href":"https:\/\/acneinversaschweiz.ch\/fr\/wp-json\/wp\/v2\/types\/post"}],"author":[{"embeddable":true,"href":"https:\/\/acneinversaschweiz.ch\/fr\/wp-json\/wp\/v2\/users\/5"}],"replies":[{"embeddable":true,"href":"https:\/\/acneinversaschweiz.ch\/fr\/wp-json\/wp\/v2\/comments?post=2022"}],"version-history":[{"count":2,"href":"https:\/\/acneinversaschweiz.ch\/fr\/wp-json\/wp\/v2\/posts\/2022\/revisions"}],"predecessor-version":[{"id":2297,"href":"https:\/\/acneinversaschweiz.ch\/fr\/wp-json\/wp\/v2\/posts\/2022\/revisions\/2297"}],"wp:featuredmedia":[{"embeddable":true,"href":"https:\/\/acneinversaschweiz.ch\/fr\/wp-json\/wp\/v2\/media\/2025"}],"wp:attachment":[{"href":"https:\/\/acneinversaschweiz.ch\/fr\/wp-json\/wp\/v2\/media?parent=2022"}],"wp:term":[{"taxonomy":"category","embeddable":true,"href":"https:\/\/acneinversaschweiz.ch\/fr\/wp-json\/wp\/v2\/categories?post=2022"},{"taxonomy":"post_tag","embeddable":true,"href":"https:\/\/acneinversaschweiz.ch\/fr\/wp-json\/wp\/v2\/tags?post=2022"}],"curies":[{"name":"wp","href":"https:\/\/api.w.org\/{rel}","templated":true}]}}