

{"id":1946,"date":"2019-02-15T12:11:18","date_gmt":"2019-02-15T11:11:18","guid":{"rendered":"https:\/\/acneinversaschweiz.ch\/?p=1946"},"modified":"2019-02-15T12:11:18","modified_gmt":"2019-02-15T11:11:18","slug":"lacne-qui-assiege-la-sphere-intim","status":"publish","type":"post","link":"https:\/\/acneinversaschweiz.ch\/fr\/lacne-qui-assiege-la-sphere-intim\/","title":{"rendered":"\u00abL\u2019acn\u00e9 qui assi\u00e8ge la sph\u00e8re intim\u00bb"},"content":{"rendered":"[vc_row type=\u00a0\u00bbin_container\u00a0\u00bb full_screen_row_position=\u00a0\u00bbmiddle\u00a0\u00bb scene_position=\u00a0\u00bbcenter\u00a0\u00bb text_color=\u00a0\u00bbdark\u00a0\u00bb text_align=\u00a0\u00bbleft\u00a0\u00bb overlay_strength=\u00a0\u00bb0.3&Prime;][vc_column column_padding=\u00a0\u00bbno-extra-padding\u00a0\u00bb column_padding_position=\u00a0\u00bball\u00a0\u00bb background_color_opacity=\u00a0\u00bb1&Prime; background_hover_color_opacity=\u00a0\u00bb1&Prime; width=\u00a0\u00bb1\/1&Prime; tablet_text_alignment=\u00a0\u00bbdefault\u00a0\u00bb phone_text_alignment=\u00a0\u00bbdefault\u00a0\u00bb][vc_column_text]F\u00e9vrier 2017: CURAVITA ET BERNER ZEITUNG<br \/>\n\u00abDie Akne, die unter die Haut geht\u00bb (\u00abL\u2019acn\u00e9 qui assi\u00e8ge la sph\u00e8re intime\u00bb)<br \/>\nPour les personnes concern\u00e9es, la maladie de Verneuil, une pathologie chronique inflammatoire, est une double peine: les nodules profond\u00e9ment ancr\u00e9s sous la peau sont principalement situ\u00e9s sur les parties intimes et sont source, parall\u00e8lement aux douleurs, d\u2019une grande honte. Une patiente raconte son histoire.<\/p>\n<p>Pour en savoir plus, lisez:\u00a0<a href=\"https:\/\/ainv.abteilung.tools\/wp-content\/uploads\/2017\/03\/2017_FEB_Curavita_Acne-Inversa.pdf\">Article de Curavita<\/a>\u00a0et\u00a0<a href=\"http:\/\/mobile2.bernerzeitung.ch\/articles\/58aa6149ab5c372412000001\">Article du Berner Zeitung<\/a>[\/vc_column_text][\/vc_column][\/vc_row]\n","protected":false},"excerpt":{"rendered":"<p>[vc_row type=\u00a0\u00bbin_container\u00a0\u00bb full_screen_row_position=\u00a0\u00bbmiddle\u00a0\u00bb scene_position=\u00a0\u00bbcenter\u00a0\u00bb text_color=\u00a0\u00bbdark\u00a0\u00bb text_align=\u00a0\u00bbleft\u00a0\u00bb overlay_strength=\u00a0\u00bb0.3&Prime;][vc_column column_padding=\u00a0\u00bbno-extra-padding\u00a0\u00bb column_padding_position=\u00a0\u00bball\u00a0\u00bb background_color_opacity=\u00a0\u00bb1&Prime; background_hover_color_opacity=\u00a0\u00bb1&Prime; width=\u00a0\u00bb1\/1&Prime; tablet_text_alignment=\u00a0\u00bbdefault\u00a0\u00bb phone_text_alignment=\u00a0\u00bbdefault\u00a0\u00bb][vc_column_text]F\u00e9vrier 2017: CURAVITA ET BERNER ZEITUNG \u00abDie Akne, die unter die Haut geht\u00bb (\u00abL\u2019acn\u00e9 qui assi\u00e8ge la&#8230;<\/p>\n","protected":false},"author":1,"featured_media":1817,"comment_status":"closed","ping_status":"closed","sticky":false,"template":"","format":"standard","meta":{"footnotes":""},"categories":[16],"tags":[],"class_list":{"0":"post-1946","1":"post","2":"type-post","3":"status-publish","4":"format-standard","5":"has-post-thumbnail","7":"category-non-classifiee"},"_links":{"self":[{"href":"https:\/\/acneinversaschweiz.ch\/fr\/wp-json\/wp\/v2\/posts\/1946","targetHints":{"allow":["GET"]}}],"collection":[{"href":"https:\/\/acneinversaschweiz.ch\/fr\/wp-json\/wp\/v2\/posts"}],"about":[{"href":"https:\/\/acneinversaschweiz.ch\/fr\/wp-json\/wp\/v2\/types\/post"}],"author":[{"embeddable":true,"href":"https:\/\/acneinversaschweiz.ch\/fr\/wp-json\/wp\/v2\/users\/1"}],"replies":[{"embeddable":true,"href":"https:\/\/acneinversaschweiz.ch\/fr\/wp-json\/wp\/v2\/comments?post=1946"}],"version-history":[{"count":2,"href":"https:\/\/acneinversaschweiz.ch\/fr\/wp-json\/wp\/v2\/posts\/1946\/revisions"}],"predecessor-version":[{"id":1948,"href":"https:\/\/acneinversaschweiz.ch\/fr\/wp-json\/wp\/v2\/posts\/1946\/revisions\/1948"}],"wp:featuredmedia":[{"embeddable":true,"href":"https:\/\/acneinversaschweiz.ch\/fr\/wp-json\/wp\/v2\/media\/1817"}],"wp:attachment":[{"href":"https:\/\/acneinversaschweiz.ch\/fr\/wp-json\/wp\/v2\/media?parent=1946"}],"wp:term":[{"taxonomy":"category","embeddable":true,"href":"https:\/\/acneinversaschweiz.ch\/fr\/wp-json\/wp\/v2\/categories?post=1946"},{"taxonomy":"post_tag","embeddable":true,"href":"https:\/\/acneinversaschweiz.ch\/fr\/wp-json\/wp\/v2\/tags?post=1946"}],"curies":[{"name":"wp","href":"https:\/\/api.w.org\/{rel}","templated":true}]}}