

{"id":1902,"date":"2019-02-06T11:55:08","date_gmt":"2019-02-06T10:55:08","guid":{"rendered":"https:\/\/ainv.abteilung.tools\/?p=1902"},"modified":"2019-02-06T11:55:08","modified_gmt":"2019-02-06T10:55:08","slug":"assemblee-generale-2018-de-lassociation-acne-inversa-schwaiz","status":"publish","type":"post","link":"https:\/\/acneinversaschweiz.ch\/fr\/assemblee-generale-2018-de-lassociation-acne-inversa-schwaiz\/","title":{"rendered":"\u00abAssembl\u00e9e g\u00e9n\u00e9rale 2018 de l\u2019association Acne Inversa SchwAIz\u00bb"},"content":{"rendered":"[vc_row type=\u00a0\u00bbin_container\u00a0\u00bb full_screen_row_position=\u00a0\u00bbmiddle\u00a0\u00bb scene_position=\u00a0\u00bbcenter\u00a0\u00bb text_color=\u00a0\u00bbdark\u00a0\u00bb text_align=\u00a0\u00bbleft\u00a0\u00bb overlay_strength=\u00a0\u00bb0.3&Prime;][vc_column column_padding=\u00a0\u00bbno-extra-padding\u00a0\u00bb column_padding_position=\u00a0\u00bball\u00a0\u00bb background_color_opacity=\u00a0\u00bb1&Prime; background_hover_color_opacity=\u00a0\u00bb1&Prime; width=\u00a0\u00bb1\/1&Prime; tablet_text_alignment=\u00a0\u00bbdefault\u00a0\u00bb phone_text_alignment=\u00a0\u00bbdefault\u00a0\u00bb][vc_column_text]Le 16 mars 2018, notre association a tenu sa deuxi\u00e8me assembl\u00e9e g\u00e9n\u00e9rale officielle en date. Vous trouverez ci-dessous le communiqu\u00e9 de presse et notre rapport annuel. Nous nous r\u00e9jouissons d\u2019ores et d\u00e9j\u00e0 des prochains \u00e9v\u00e9nements pr\u00e9vus en 2018. Cordialement, votre comit\u00e9<\/p>\n<p><a href=\"https:\/\/ainv.abteilung.tools\/wp-content\/uploads\/2016\/05\/MV_Medienmitteilung.pdf\">Communiqu\u00e9 de presse relatif \u00e0 l&rsquo;assemblage g\u00e9n\u00e9rale<\/a>\u00a0,\u00a0<a href=\"https:\/\/ainv.abteilung.tools\/wp-content\/uploads\/2016\/05\/Jahresbericht-2017.pdf\">rapport annuel 2017<\/a>[\/vc_column_text][\/vc_column][\/vc_row]\n","protected":false},"excerpt":{"rendered":"<p>[vc_row type=\u00a0\u00bbin_container\u00a0\u00bb full_screen_row_position=\u00a0\u00bbmiddle\u00a0\u00bb scene_position=\u00a0\u00bbcenter\u00a0\u00bb text_color=\u00a0\u00bbdark\u00a0\u00bb text_align=\u00a0\u00bbleft\u00a0\u00bb overlay_strength=\u00a0\u00bb0.3&Prime;][vc_column column_padding=\u00a0\u00bbno-extra-padding\u00a0\u00bb column_padding_position=\u00a0\u00bball\u00a0\u00bb background_color_opacity=\u00a0\u00bb1&Prime; background_hover_color_opacity=\u00a0\u00bb1&Prime; width=\u00a0\u00bb1\/1&Prime; tablet_text_alignment=\u00a0\u00bbdefault\u00a0\u00bb phone_text_alignment=\u00a0\u00bbdefault\u00a0\u00bb][vc_column_text]Le 16 mars 2018, notre association a tenu sa deuxi\u00e8me assembl\u00e9e g\u00e9n\u00e9rale officielle en date. Vous trouverez&#8230;<\/p>\n","protected":false},"author":1,"featured_media":1807,"comment_status":"closed","ping_status":"closed","sticky":false,"template":"","format":"standard","meta":{"footnotes":""},"categories":[16],"tags":[],"class_list":{"0":"post-1902","1":"post","2":"type-post","3":"status-publish","4":"format-standard","5":"has-post-thumbnail","7":"category-non-classifiee"},"_links":{"self":[{"href":"https:\/\/acneinversaschweiz.ch\/fr\/wp-json\/wp\/v2\/posts\/1902","targetHints":{"allow":["GET"]}}],"collection":[{"href":"https:\/\/acneinversaschweiz.ch\/fr\/wp-json\/wp\/v2\/posts"}],"about":[{"href":"https:\/\/acneinversaschweiz.ch\/fr\/wp-json\/wp\/v2\/types\/post"}],"author":[{"embeddable":true,"href":"https:\/\/acneinversaschweiz.ch\/fr\/wp-json\/wp\/v2\/users\/1"}],"replies":[{"embeddable":true,"href":"https:\/\/acneinversaschweiz.ch\/fr\/wp-json\/wp\/v2\/comments?post=1902"}],"version-history":[{"count":1,"href":"https:\/\/acneinversaschweiz.ch\/fr\/wp-json\/wp\/v2\/posts\/1902\/revisions"}],"predecessor-version":[{"id":1903,"href":"https:\/\/acneinversaschweiz.ch\/fr\/wp-json\/wp\/v2\/posts\/1902\/revisions\/1903"}],"wp:featuredmedia":[{"embeddable":true,"href":"https:\/\/acneinversaschweiz.ch\/fr\/wp-json\/wp\/v2\/media\/1807"}],"wp:attachment":[{"href":"https:\/\/acneinversaschweiz.ch\/fr\/wp-json\/wp\/v2\/media?parent=1902"}],"wp:term":[{"taxonomy":"category","embeddable":true,"href":"https:\/\/acneinversaschweiz.ch\/fr\/wp-json\/wp\/v2\/categories?post=1902"},{"taxonomy":"post_tag","embeddable":true,"href":"https:\/\/acneinversaschweiz.ch\/fr\/wp-json\/wp\/v2\/tags?post=1902"}],"curies":[{"name":"wp","href":"https:\/\/api.w.org\/{rel}","templated":true}]}}